{"id":33011,"date":"2021-09-13T12:35:42","date_gmt":"2021-09-13T10:35:42","guid":{"rendered":"http:\/\/www.nsv-tt.de\/?p=33011"},"modified":"2021-09-13T12:35:42","modified_gmt":"2021-09-13T10:35:42","slug":"super-wochenende-zur-landesrangliste-des-nachwuchses","status":"publish","type":"post","link":"https:\/\/nsv-tt.de\/?p=33011","title":{"rendered":"Super Wochenende zur Landesrangliste des Nachwuchses"},"content":{"rendered":"<p><strong>3 Podestpl\u00e4tze und weitere sehr gute Platzierungen<\/strong><\/p>\n<p>Am vergangenen Wochenende fanden die Landesranglistenturniere in verschiedenen Altersklassen in Erfurt statt. Unser NSV war am Samstag mit Denis und Daniel Bilozerow in der AK 11 der Jungen und Karolin und Tanja M\u00fcller in der AK 15 der M\u00e4dchen vertreten.<br \/>\nDie beiden Jungen spielten ein b\u00e4renstarkes Turnier. Beide konnten sich in ihrer Vorrundengruppe jeweils klar durchsetzen. Denis gewann seine Gruppe mit 7:0 Siegen vor Hoffmann aus Gera, Daniel blieb mit 5:0 Siegen vor Tautorat aus Jena erfolgreich. In der Endrunde lie\u00df Denis noch einmal zwei Siege gegen seinen Bruder und Tautorat folgen und wurde \u00fcberlegen Sieger der Landesrangliste. Daniel gewann auch gegen Hoffman und kam somit auf dem 2. Platz ein. Ein Superergebnis unserer J\u00fcngsten. <div id=\"attachment_33019\" style=\"width: 310px\" class=\"wp-caption alignright\"><a href=\"http:\/\/wpd.nsv-tt.de\/wp-content\/uploads\/2021\/09\/IMG-20210914-WA0000.jpg\"><img loading=\"lazy\" decoding=\"async\" aria-describedby=\"caption-attachment-33019\" src=\"http:\/\/wpd.nsv-tt.de\/wp-content\/uploads\/2021\/09\/IMG-20210914-WA0000-300x225.jpg\" alt=\"Nachwuchsakteure mit dem Betreuerteam\" title=\"Nachwuchsakteure mit dem Betreuerteam\" width=\"300\" height=\"225\" class=\"size-medium wp-image-33019\" srcset=\"https:\/\/nsv-tt.de\/wp-content\/uploads\/2021\/09\/IMG-20210914-WA0000-300x225.jpg 300w, https:\/\/nsv-tt.de\/wp-content\/uploads\/2021\/09\/IMG-20210914-WA0000-1024x768.jpg 1024w, https:\/\/nsv-tt.de\/wp-content\/uploads\/2021\/09\/IMG-20210914-WA0000-768x576.jpg 768w, https:\/\/nsv-tt.de\/wp-content\/uploads\/2021\/09\/IMG-20210914-WA0000-1536x1152.jpg 1536w, https:\/\/nsv-tt.de\/wp-content\/uploads\/2021\/09\/IMG-20210914-WA0000-1568x1176.jpg 1568w, https:\/\/nsv-tt.de\/wp-content\/uploads\/2021\/09\/IMG-20210914-WA0000.jpg 1984w\" sizes=\"auto, (max-width: 300px) 100vw, 300px\" \/><\/a><p id=\"caption-attachment-33019\" class=\"wp-caption-text\">Nachwuchsakteure mit dem Betreuerteam<\/p><\/div><br \/>\nBei den M\u00e4dchen konnte etwas \u00fcberraschend Tanja ihre Vorrundengruppe mit 5:1 Siegen vor Reinl aus Erfurt gewinnen. Sie verlor nur gegen Hildebrand aus M\u00fchlhausen. Karolin wurde in ihrer Gruppe mit einem Spielverh\u00e4ltnis von 4:2 Dritte. Sie verlor gegen Strunz aus Gera und Teichert aus M\u00fchlhausen. In der Endrunde gewann Tanja gegen Teichert und musste sich gegen Strunz geschlagen geben, was am Ende zum hervorragenden 2. Platz reichte mit dem wohl niemand gerechnet hatte. Klasse Tanja. Karolin spielte um die Pl\u00e4tze 5-8. Gegen M\u00fcller aus Schwarza gab es einen 3:1 Erfolg und gegen Hildebrand eine 1:3 Niederlage. Damit hatten M\u00fcller, Hildebrand und Karolin jeweils ein Spielverh\u00e4ltnis von 2:1. Auf Grund des schlechteren Satzverh\u00e4ltnisses erreichte Karolin am Ende trotzdem einen guten 7. Platz.<br \/>\nAm Sonntag spielten dann Denis und Daniel in der h\u00f6heren AK 13 und Karolin und Tanja in der AK 18.<br \/>\nDenis konnte sich auch hier mit einem 2.Platz in seiner Vorrundengruppe (Niederlage gegen Wrobel aus Schleiz) f\u00fcr die Endrunde qualifizieren. Dort musste er sich zwar Ahlgrimm aus Erfurt und Peto aus Jena beugen, aber der 4. Platz ist eine starke Leistung. F\u00fcr Daniel reichte es in dieser h\u00f6heren Altersklasse zum 5.Platz in seiner Vorrundengruppe (3:4 Spiele) und damit insgesamt Rang 9.<br \/>\nDie beiden M\u00e4dels belegten in ihren Vorrundengruppen jeweils mit 4:3 Spielen den 4.Platz und zogen in die Endrundengruppe um die PL\u00e4tze 5-8 ein. Das war schon eine starke Leistung. Tanja konnte dann ihre Schwester bezwingen und sicherte sich Platz 7. Karolin belegte den 8.Platz.<br \/>\nAuch am zweiten Wettkampftag konnte unsere Akteure voll \u00fcberzeugen und auf ihre Leistungen stolz sein.  <\/p>\n","protected":false},"excerpt":{"rendered":"<p>3 Podestpl\u00e4tze und weitere sehr gute Platzierungen Am vergangenen Wochenende fanden die Landesranglistenturniere in verschiedenen Altersklassen in Erfurt statt. Unser NSV war am Samstag mit Denis und Daniel Bilozerow in der AK 11 der Jungen und Karolin und Tanja M\u00fcller in der AK 15 der M\u00e4dchen vertreten. Die beiden Jungen&#8230; <a class=\"continue-reading-link\" href=\"https:\/\/nsv-tt.de\/?p=33011\">Continue reading<\/a><\/p>\n","protected":false},"author":1,"featured_media":0,"comment_status":"open","ping_status":"open","sticky":false,"template":"","format":"standard","meta":{"footnotes":""},"categories":[1],"tags":[],"class_list":["post-33011","post","type-post","status-publish","format-standard","hentry","category-allgemein"],"_links":{"self":[{"href":"https:\/\/nsv-tt.de\/index.php?rest_route=\/wp\/v2\/posts\/33011","targetHints":{"allow":["GET"]}}],"collection":[{"href":"https:\/\/nsv-tt.de\/index.php?rest_route=\/wp\/v2\/posts"}],"about":[{"href":"https:\/\/nsv-tt.de\/index.php?rest_route=\/wp\/v2\/types\/post"}],"author":[{"embeddable":true,"href":"https:\/\/nsv-tt.de\/index.php?rest_route=\/wp\/v2\/users\/1"}],"replies":[{"embeddable":true,"href":"https:\/\/nsv-tt.de\/index.php?rest_route=%2Fwp%2Fv2%2Fcomments&post=33011"}],"version-history":[{"count":0,"href":"https:\/\/nsv-tt.de\/index.php?rest_route=\/wp\/v2\/posts\/33011\/revisions"}],"wp:attachment":[{"href":"https:\/\/nsv-tt.de\/index.php?rest_route=%2Fwp%2Fv2%2Fmedia&parent=33011"}],"wp:term":[{"taxonomy":"category","embeddable":true,"href":"https:\/\/nsv-tt.de\/index.php?rest_route=%2Fwp%2Fv2%2Fcategories&post=33011"},{"taxonomy":"post_tag","embeddable":true,"href":"https:\/\/nsv-tt.de\/index.php?rest_route=%2Fwp%2Fv2%2Ftags&post=33011"}],"curies":[{"name":"wp","href":"https:\/\/api.w.org\/{rel}","templated":true}]}}