{"id":1432,"date":"2013-08-01T14:44:35","date_gmt":"2013-08-01T12:44:35","guid":{"rendered":"http:\/\/www.nsv-tt.de\/?p=1432"},"modified":"2013-08-01T14:44:35","modified_gmt":"2013-08-01T12:44:35","slug":"trainingsauftakt-2","status":"publish","type":"post","link":"https:\/\/nsv-tt.de\/?p=1432","title":{"rendered":"Trainingsauftakt"},"content":{"rendered":"<p>Am Dienstag, 06.08.2013, startet um 17.30 Uhr die Vorbereitung auf die neue Saison. Zun\u00e4chst wird in dieser Woche das Training der Erwachsenen stattfinden.<br \/>\nIn der folgenden Woche starten wir dann auch wieder das Kindertraining, also ab 13.08.2013 16.30 Uhr.<br \/>\nDie neue Saison steht nun vor der T\u00fcr.<\/p>\n<p>Im Fokus des Trainings sollte die Vorbereitung auf die <strong>Kreiseinzelmeisterschaften am 23.August<\/strong> in Bleicherode stehen.   <\/p>\n<p>Er\u00f6ffnen werden f\u00fcr unseren Verein die 2. bis 5. Mannschaft die Saison 2013\/2014 am Freitag den 30.08.2013. Unsere Jugend greift am 31.08. in das Geschehen ein. Die Sch\u00fclermannschaft folgt dann am 03.09.2013.<\/p>\n<p>Die erste Mannschaft startet am 07.09.2013 mit einem Heimspiel gegen Lok Leinefelde in die Punktspielserie.<br \/>\nZielstellung der 1. und 2. Mannschaft kann nur Klassenerhalt in ihren Ligen lauten. Die Dritte sollte im vorderen Tabellendrittel einkommen, ebenso wie die Vierte in der 3. Kreisliga. F\u00fcr die F\u00fcnfte liegt die obere Tabellenh\u00e4lfte im Bereich des M\u00f6glichen.<br \/>\nAuch die Jugend sollte diese Saison etwas erfolgreicher agieren und vielleicht den Einzug in die Aufstiegs-Playoffs erreichen.<br \/>\nF\u00fcr die Sch\u00fclermannschaft erwarten wir ebenfalls einen Podestplatz. <\/p>\n","protected":false},"excerpt":{"rendered":"<p>Am Dienstag, 06.08.2013, startet um 17.30 Uhr die Vorbereitung auf die neue Saison. Zun\u00e4chst wird in dieser Woche das Training der Erwachsenen stattfinden. In der folgenden Woche starten wir dann auch wieder das Kindertraining, also ab 13.08.2013 16.30 Uhr. Die neue Saison steht nun vor der T\u00fcr. Im Fokus des&#8230; <a class=\"continue-reading-link\" href=\"https:\/\/nsv-tt.de\/?p=1432\">Continue reading<\/a><\/p>\n","protected":false},"author":1,"featured_media":0,"comment_status":"open","ping_status":"open","sticky":false,"template":"","format":"standard","meta":{"footnotes":""},"categories":[1],"tags":[],"class_list":["post-1432","post","type-post","status-publish","format-standard","hentry","category-allgemein"],"_links":{"self":[{"href":"https:\/\/nsv-tt.de\/index.php?rest_route=\/wp\/v2\/posts\/1432","targetHints":{"allow":["GET"]}}],"collection":[{"href":"https:\/\/nsv-tt.de\/index.php?rest_route=\/wp\/v2\/posts"}],"about":[{"href":"https:\/\/nsv-tt.de\/index.php?rest_route=\/wp\/v2\/types\/post"}],"author":[{"embeddable":true,"href":"https:\/\/nsv-tt.de\/index.php?rest_route=\/wp\/v2\/users\/1"}],"replies":[{"embeddable":true,"href":"https:\/\/nsv-tt.de\/index.php?rest_route=%2Fwp%2Fv2%2Fcomments&post=1432"}],"version-history":[{"count":0,"href":"https:\/\/nsv-tt.de\/index.php?rest_route=\/wp\/v2\/posts\/1432\/revisions"}],"wp:attachment":[{"href":"https:\/\/nsv-tt.de\/index.php?rest_route=%2Fwp%2Fv2%2Fmedia&parent=1432"}],"wp:term":[{"taxonomy":"category","embeddable":true,"href":"https:\/\/nsv-tt.de\/index.php?rest_route=%2Fwp%2Fv2%2Fcategories&post=1432"},{"taxonomy":"post_tag","embeddable":true,"href":"https:\/\/nsv-tt.de\/index.php?rest_route=%2Fwp%2Fv2%2Ftags&post=1432"}],"curies":[{"name":"wp","href":"https:\/\/api.w.org\/{rel}","templated":true}]}}