{"id":1183,"date":"2012-11-11T12:53:30","date_gmt":"2012-11-11T11:53:30","guid":{"rendered":"http:\/\/www.nsv-tt.de\/?p=1183"},"modified":"2012-11-11T12:53:30","modified_gmt":"2012-11-11T11:53:30","slug":"unentschieden-gerettet","status":"publish","type":"post","link":"https:\/\/nsv-tt.de\/?p=1183","title":{"rendered":"Unentschieden gerettet"},"content":{"rendered":"<p><strong>3.Kreisliga: NSV 4 &#8211; Ellrich 3: 9:9<\/strong><\/p>\n<p>Nachdem zwischenzeitlich ein Sieg greifbar war, konnte unsere Vierte wenigstens ein Unentschieden retten. Leider musste Iris Salbert aus beruflichen Gr\u00fcnden absagen, aber sie wurde von Stefan Menz gut vertreten. Emanuel Fischer\/Stefan Menz hatten gegen Andreas und Manuel Oehler keine Chance und unterlagen glatt mit 0:3. Daf\u00fcr holten Peter Soldan\/Gerald Winkler gegen Friedl\u00e4nder\/Katrin Oehler ein klares 3:0. Die erste Einzelrunde verlief ausgeglichen. Stefan unterlag Oehler,M. 1:3 und Emanuel wurde von Oehler,A. mit einem 0:3 von der Platte geschickt. F\u00fcr den NSV konnten Peter mit 3:1 gegen Oehler,K. und Gerald mit 3:0 gegen Friedl\u00e4nder punkten. Auch in der zweiten Runde jeweils zwei Siege f\u00fcr beide Mannschaften. Stefan gewinnt knapp mit 3:2 gegen Oehler,K. und Peter mit einem 3:0 gegen Friedl\u00e4nder. Gerald und Emanuel m\u00fcssen ihren Kontrahenten Oehler,M. bzw. Oehler,A. jeweils zum 3:1 gratulieren. Damit steht es vorerst 5:5. In der dritten Runde leichte Vorteile f\u00fcr den Gastgeber. Peter kann sich ganz knapp mit 12:10 im F\u00fcnften gegen Oehler,M. durchsetzen. Auch Gerald mit 3:1 gegen Oehler,K. und Emanuel mit 3:1 gegen Friedl\u00e4nder gehen als Sieger vom Tisch. Lediglich Stefan muss sich Oehler,A. 1:3 beugen. War das eine Vorentscheidung? Leider nicht. In der letzten Runde kann Ellrich mit 3 Erfolgen wieder in F\u00fchrung gehen. Peter verliert in den S\u00e4tzen knapp mit 0:3 gegen Oehler,A.(-7,-12,-9). Gerald hat etwas Pech und verliert nach 2:1 F\u00fchrung noch mit 2:3 gegen Oehler,M..Nach der 0:3 Niederlage von Emanuel gegen Oehler,K. f\u00fchrt der Gast mit 9:8. Nun liegt es bei Stefan, ob es noch ein Punkt wird. Nach 2:1 Satzf\u00fchrung gegen Friedl\u00e4nder muss er ungl\u00fccklich mit 12:14 den Ausgleich hinnehmen. Nervenstark gestaltet er den letzten Satz f\u00fcr sich und die Mannschaft erfolgreich mit 11:7. Damit bleibt wenigstens ein Punkt in Nordhausen.<\/p>\n<p>Punkte &#8211; NSV 4 &#8211; Soldan 3,5; Winkler 2,5; Menz 2,0; Fischer 1,0  <\/p>\n","protected":false},"excerpt":{"rendered":"<p>3.Kreisliga: NSV 4 &#8211; Ellrich 3: 9:9 Nachdem zwischenzeitlich ein Sieg greifbar war, konnte unsere Vierte wenigstens ein Unentschieden retten. Leider musste Iris Salbert aus beruflichen Gr\u00fcnden absagen, aber sie wurde von Stefan Menz gut vertreten. Emanuel Fischer\/Stefan Menz hatten gegen Andreas und Manuel Oehler keine Chance und unterlagen glatt&#8230; <a class=\"continue-reading-link\" href=\"https:\/\/nsv-tt.de\/?p=1183\">Continue reading<\/a><\/p>\n","protected":false},"author":1,"featured_media":0,"comment_status":"open","ping_status":"open","sticky":false,"template":"","format":"standard","meta":{"footnotes":""},"categories":[1],"tags":[],"class_list":["post-1183","post","type-post","status-publish","format-standard","hentry","category-allgemein"],"_links":{"self":[{"href":"https:\/\/nsv-tt.de\/index.php?rest_route=\/wp\/v2\/posts\/1183","targetHints":{"allow":["GET"]}}],"collection":[{"href":"https:\/\/nsv-tt.de\/index.php?rest_route=\/wp\/v2\/posts"}],"about":[{"href":"https:\/\/nsv-tt.de\/index.php?rest_route=\/wp\/v2\/types\/post"}],"author":[{"embeddable":true,"href":"https:\/\/nsv-tt.de\/index.php?rest_route=\/wp\/v2\/users\/1"}],"replies":[{"embeddable":true,"href":"https:\/\/nsv-tt.de\/index.php?rest_route=%2Fwp%2Fv2%2Fcomments&post=1183"}],"version-history":[{"count":0,"href":"https:\/\/nsv-tt.de\/index.php?rest_route=\/wp\/v2\/posts\/1183\/revisions"}],"wp:attachment":[{"href":"https:\/\/nsv-tt.de\/index.php?rest_route=%2Fwp%2Fv2%2Fmedia&parent=1183"}],"wp:term":[{"taxonomy":"category","embeddable":true,"href":"https:\/\/nsv-tt.de\/index.php?rest_route=%2Fwp%2Fv2%2Fcategories&post=1183"},{"taxonomy":"post_tag","embeddable":true,"href":"https:\/\/nsv-tt.de\/index.php?rest_route=%2Fwp%2Fv2%2Ftags&post=1183"}],"curies":[{"name":"wp","href":"https:\/\/api.w.org\/{rel}","templated":true}]}}